{"id":737,"date":"2021-09-07T20:49:48","date_gmt":"2021-09-07T20:49:48","guid":{"rendered":"https:\/\/ausstellung.romaedu.org\/?p=737"},"modified":"2021-09-07T20:49:48","modified_gmt":"2021-09-07T20:49:48","slug":"wie-kann-ich-meinen-eigenen-antiziganismus-begegnen","status":"publish","type":"post","link":"https:\/\/romahistory.com\/?p=737","title":{"rendered":"\u201eWie kann ich Meinen eigenen Antiziganismus begegnen?\u201c"},"content":{"rendered":"\n<p><strong><\/strong>Sich selbst \u00fcber den eigenen Antiziganismus klar werden. Man ist nicht Schuld an den Vorurteilen, die das soziale Umfeld und die Mehrheitsgesellschaft in dir verankerten.<\/p>\n\n\n<p>Auf Antiziganismus aufmerksam machen, wenn man ihn erkennt.<\/p>\n\n\n<p>Kopf f\u00fcr Kopf muss \u00fcberzeugt werden, darum ist jeder\/jede wichtig bei dieser gesellschaftlichen Frage.<\/p>\n\n\n<p><strong><em>\u2022 Den V\u00f6lkermord an den Roma und Sinti thematisieren. Als Leherinnen und Lehrer , den Sch\u00fclerinnen und Sch\u00fclern die Geschichte und die durch Antiziganismus gepr\u00e4gte Gegenwart der Roma und Sinti n\u00e4herbringen.<\/em><\/strong><\/p>\n\n\n<h1 class=\"wp-block-heading\">Weitere Informationen zum Antiziganismus aus der Ausstellung:<\/h1>\n\n\n<h2 class=\"wp-block-heading\"><a href=\"https:\/\/ausstellung.romaedu.org\/basics\/wie-kann-ich-meinen-eigenen-antiziganismus-begegnen\/\" type=\"URL\" id=\"https:\/\/ausstellung.romaedu.org\/basics\/wie-kann-ich-meinen-eigenen-antiziganismus-begegnen\/\" class=\"broken_link\">\u201e<strong>Wie kann ich Meinen eigenen Antiziganismus begegnen?\u201c<\/strong><\/a><\/h2>\n\n\n<h2 class=\"wp-block-heading\"><a href=\"https:\/\/ausstellung.romaedu.org\/wp-admin\/post.php?post=681&amp;action=edit\" class=\"broken_link\"><strong>Antiziganismus als Allt\u00e4gliches Problem<\/strong><\/a><\/h2>\n\n\n<h2 class=\"wp-block-heading\"><a href=\"https:\/\/ausstellung.romaedu.org\/menschen\/woher-kommt-der-antiziganismus\/\" class=\"broken_link\"><strong>Woher kommt der Antiziganismus?<\/strong><\/a><\/h2>\n\n\n<h2 class=\"wp-block-heading\"><a href=\"https:\/\/ausstellung.romaedu.org\/wp-admin\/post.php?post=691&amp;action=edit\" class=\"broken_link\"><strong>Verschiedene Typen des Antiziganismus &#8211; Antiziganismustypen<\/strong><\/a><\/h2>\n\n\n<h2 class=\"wp-block-heading\"><a href=\"https:\/\/ausstellung.romaedu.org\/wp-admin\/post.php?post=685&amp;action=edit\" type=\"URL\" id=\"https:\/\/ausstellung.romaedu.org\/wp-admin\/post.php?post=685&amp;action=edit\" class=\"broken_link\"><strong>Borat, ein Gl\u00fccksfall f\u00fcr die junge Antiziganismusforschung<\/strong><\/a><\/h2>\n\n\n<h2 class=\"wp-block-heading\"><a href=\"https:\/\/ausstellung.romaedu.org\/basics\/wie-rede-ich-mit-menschen-die-antiziganismus-verbreiten\/\" type=\"URL\" id=\"https:\/\/ausstellung.romaedu.org\/basics\/wie-rede-ich-mit-menschen-die-antiziganismus-verbreiten\/\" class=\"broken_link\"><strong>Wie Rede ich mit Menschen die<\/strong> <strong>Antiziganismus verbreiten?<\/strong><\/a><\/h2>\n\n\n<p><\/p>\n\n\n<figure class=\"wp-block-image size-full is-resized\"><a href=\"https:\/\/amzn.to\/3h49xVh\"><img loading=\"lazy\" decoding=\"async\" src=\"https:\/\/ausstellung.romaedu.org\/wp-content\/uploads\/2021\/09\/3-amazon.png\" alt=\"\" class=\"wp-image-415\" width=\"838\" height=\"866\"\/><\/a><figcaption><a href=\"https:\/\/amzn.to\/3h49xVh\">https:\/\/amzn.to\/3h49xVh<\/a><\/figcaption><\/figure>\n\n\n<p><\/p>\n","protected":false},"excerpt":{"rendered":"<p>Sich selbst \u00fcber den eigenen Antiziganismus klar werden. Man ist nicht Schuld an den Vorurteilen, die das soziale Umfeld und die Mehrheitsgesellschaft in dir verankerten. Auf Antiziganismus aufmerksam machen, wenn man ihn erkennt. Kopf f\u00fcr Kopf muss \u00fcberzeugt werden, darum ist jeder\/jede wichtig bei dieser gesellschaftlichen Frage. \u2022 Den V\u00f6lkermord an den Roma und Sinti &hellip; <\/p>\n","protected":false},"author":3,"featured_media":717,"comment_status":"closed","ping_status":"open","sticky":false,"template":"","format":"standard","meta":{"footnotes":""},"categories":[931,117],"tags":[66,20,932,933,980,356,619,2,1080,952,4,43,11,314,12,307,60,63],"aioseo_notices":[],"_links":{"self":[{"href":"https:\/\/romahistory.com\/index.php?rest_route=\/wp\/v2\/posts\/737"}],"collection":[{"href":"https:\/\/romahistory.com\/index.php?rest_route=\/wp\/v2\/posts"}],"about":[{"href":"https:\/\/romahistory.com\/index.php?rest_route=\/wp\/v2\/types\/post"}],"author":[{"embeddable":true,"href":"https:\/\/romahistory.com\/index.php?rest_route=\/wp\/v2\/users\/3"}],"replies":[{"embeddable":true,"href":"https:\/\/romahistory.com\/index.php?rest_route=%2Fwp%2Fv2%2Fcomments&post=737"}],"version-history":[{"count":0,"href":"https:\/\/romahistory.com\/index.php?rest_route=\/wp\/v2\/posts\/737\/revisions"}],"wp:featuredmedia":[{"embeddable":true,"href":"https:\/\/romahistory.com\/index.php?rest_route=\/"}],"wp:attachment":[{"href":"https:\/\/romahistory.com\/index.php?rest_route=%2Fwp%2Fv2%2Fmedia&parent=737"}],"wp:term":[{"taxonomy":"category","embeddable":true,"href":"https:\/\/romahistory.com\/index.php?rest_route=%2Fwp%2Fv2%2Fcategories&post=737"},{"taxonomy":"post_tag","embeddable":true,"href":"https:\/\/romahistory.com\/index.php?rest_route=%2Fwp%2Fv2%2Ftags&post=737"}],"curies":[{"name":"wp","href":"https:\/\/api.w.org\/{rel}","templated":true}]}}