{"id":1275,"date":"2023-05-25T15:42:00","date_gmt":"2023-05-25T15:42:00","guid":{"rendered":"https:\/\/romahistory.romaedu.org\/?p=1275"},"modified":"2023-05-25T15:42:00","modified_gmt":"2023-05-25T15:42:00","slug":"bericht-zum-ii-internationalen-antiziganismuskongress-theorien-modelle-und-praxis-taschenbuch-22-maerz-2023","status":"publish","type":"post","link":"https:\/\/romahistory.com\/?p=1275","title":{"rendered":"Bericht zum II. Internationalen Antiziganismuskongress: &#8222;Theorien, Modelle und Praxis&#8220;\u00a0Taschenbuch \u2013 22. M\u00e4rz 2023"},"content":{"rendered":"\n<p>Im Oktober 2005 fand in Hamburg die II. Internationale Antiziganismus-Konferenz statt. Unterst\u00fctzt wurde die Konferenz von verschiedenen Organisationen, darunter dem Europarat, der Universit\u00e4t Hamburg und der Landeszentrale Hamburg f\u00fcr politische Bildung. Ziel war es, wissenschaftliche Ans\u00e4tze zur Kl\u00e4rung, Aufdeckung und Bek\u00e4mpfung von Antiziganismus zu er\u00f6rtern. In der Er\u00f6ffnungszeremonie sprachen Vertreter aus Wissenschaft, Politik und von Roma-Organisationen. Alle hoben die Bedeutung der Zusammenarbeit von Betroffenen und Mehrheitsgesellschaft in der Bek\u00e4mpfung von Antiziganismus hervor. Rudko Kawczynski bedauerte, dass die Konferenz 60 Jahre zu sp\u00e4t stattfinde, zeigte sich aber erfreut \u00fcber die rege Beteiligung.<\/p>\n\n\n\n<ul>\n<li><strong>ASIN \u200f : \u200e&nbsp;<\/strong>B0BZC3N5YH<\/li>\n\n\n\n<li><strong>Herausgeber \u200f : \u200e&nbsp;<\/strong>Independently published (22. M\u00e4rz 2023)<\/li>\n\n\n\n<li><strong>Sprache \u200f : \u200e&nbsp;<\/strong>Deutsch<\/li>\n\n\n\n<li><strong>Taschenbuch \u200f : \u200e&nbsp;<\/strong>70 Seiten<\/li>\n\n\n\n<li><strong>ISBN-13 \u200f : \u200e&nbsp;<\/strong>979-8388101747<\/li>\n\n\n\n<li><strong>Abmessungen \u200f : \u200e&nbsp;<\/strong>12.7 x 0.41 x 20.32 cm<\/li>\n<\/ul>\n\n\n\n<h2 class=\"wp-block-heading\"><a href=\"https:\/\/amzn.to\/3oDY45w\">Kaufen<\/a><\/h2>\n\n\n\n<figure class=\"wp-block-image size-full\"><a href=\"https:\/\/amzn.to\/45tzdCd\"><img loading=\"lazy\" decoding=\"async\" width=\"561\" height=\"838\" src=\"https:\/\/romahistory.romaedu.org\/wp-content\/uploads\/2023\/05\/Screenshot-2023-05-25-173229.png\" alt=\"\" class=\"wp-image-1276\" srcset=\"https:\/\/romahistory.com\/wp-content\/uploads\/2023\/05\/Screenshot-2023-05-25-173229.png 561w, https:\/\/romahistory.com\/wp-content\/uploads\/2023\/05\/Screenshot-2023-05-25-173229-201x300.png 201w, https:\/\/romahistory.com\/wp-content\/uploads\/2023\/05\/Screenshot-2023-05-25-173229-40x60.png 40w\" sizes=\"(max-width: 561px) 100vw, 561px\" \/><\/a><\/figure>\n\n\n\n<figure class=\"wp-block-image size-full\"><img loading=\"lazy\" decoding=\"async\" width=\"386\" height=\"627\" src=\"https:\/\/romahistory.romaedu.org\/wp-content\/uploads\/2023\/05\/Screenshot-2023-05-25-173250.png\" alt=\"\" class=\"wp-image-1277\" srcset=\"https:\/\/romahistory.com\/wp-content\/uploads\/2023\/05\/Screenshot-2023-05-25-173250.png 386w, https:\/\/romahistory.com\/wp-content\/uploads\/2023\/05\/Screenshot-2023-05-25-173250-185x300.png 185w, https:\/\/romahistory.com\/wp-content\/uploads\/2023\/05\/Screenshot-2023-05-25-173250-37x60.png 37w\" sizes=\"(max-width: 386px) 100vw, 386px\" \/><\/figure>\n","protected":false},"excerpt":{"rendered":"<p>Im Oktober 2005 fand in Hamburg die II. Internationale Antiziganismus-Konferenz statt. Unterst\u00fctzt wurde die Konferenz von verschiedenen Organisationen, darunter dem Europarat, der Universit\u00e4t Hamburg und der Landeszentrale Hamburg f\u00fcr politische Bildung. Ziel war es, wissenschaftliche Ans\u00e4tze zur Kl\u00e4rung, Aufdeckung und Bek\u00e4mpfung von Antiziganismus zu er\u00f6rtern. In der Er\u00f6ffnungszeremonie sprachen Vertreter aus Wissenschaft, Politik und von &hellip; <\/p>\n","protected":false},"author":1,"featured_media":1278,"comment_status":"closed","ping_status":"open","sticky":false,"template":"","format":"standard","meta":{"footnotes":""},"categories":[81,931,117,82,1123,848,28,80,107,18,284],"tags":[1139,1140,66,20,23,983,119,365,1191,1146,1192,1193,1147,1131,4,1206,1189,1194,1195,43,1207,1204,1148,48,50,11,1152,12,1208,1196,1197,1198,1199,1200,1201,945],"aioseo_notices":[],"_links":{"self":[{"href":"https:\/\/romahistory.com\/index.php?rest_route=\/wp\/v2\/posts\/1275"}],"collection":[{"href":"https:\/\/romahistory.com\/index.php?rest_route=\/wp\/v2\/posts"}],"about":[{"href":"https:\/\/romahistory.com\/index.php?rest_route=\/wp\/v2\/types\/post"}],"author":[{"embeddable":true,"href":"https:\/\/romahistory.com\/index.php?rest_route=\/wp\/v2\/users\/1"}],"replies":[{"embeddable":true,"href":"https:\/\/romahistory.com\/index.php?rest_route=%2Fwp%2Fv2%2Fcomments&post=1275"}],"version-history":[{"count":0,"href":"https:\/\/romahistory.com\/index.php?rest_route=\/wp\/v2\/posts\/1275\/revisions"}],"wp:featuredmedia":[{"embeddable":true,"href":"https:\/\/romahistory.com\/index.php?rest_route=\/wp\/v2\/media\/1278"}],"wp:attachment":[{"href":"https:\/\/romahistory.com\/index.php?rest_route=%2Fwp%2Fv2%2Fmedia&parent=1275"}],"wp:term":[{"taxonomy":"category","embeddable":true,"href":"https:\/\/romahistory.com\/index.php?rest_route=%2Fwp%2Fv2%2Fcategories&post=1275"},{"taxonomy":"post_tag","embeddable":true,"href":"https:\/\/romahistory.com\/index.php?rest_route=%2Fwp%2Fv2%2Ftags&post=1275"}],"curies":[{"name":"wp","href":"https:\/\/api.w.org\/{rel}","templated":true}]}}